{"id":4377,"date":"2024-05-10T09:17:54","date_gmt":"2024-05-10T07:17:54","guid":{"rendered":"https:\/\/www.amicsdecanruti.org\/amics-de-can-ruti-i-condis-han-recaptat-17-539e-per-a-la-recerca-en-tuberculosi\/"},"modified":"2024-05-10T09:21:15","modified_gmt":"2024-05-10T07:21:15","slug":"amics-de-can-ruti-y-condis-han-recaudado-17-539e-para-la-investigacion-en-tuberculosis","status":"publish","type":"post","link":"https:\/\/www.amicsdecanruti.org\/es\/amics-de-can-ruti-y-condis-han-recaudado-17-539e-para-la-investigacion-en-tuberculosis\/","title":{"rendered":"Amics de Can Ruti y Condis han recaudado 17.539\u20ac para la investigaci\u00f3n en tuberculosis"},"content":{"rendered":"\n<p><strong>Amics de Can Ruti junto a Supermercados Condis y Worldcoo se unieron para una campa\u00f1a solidaria de redondeo con el objetivo de recaudar fondos para combatir la tuberculosi<\/strong>s. Durante marzo y abril, los clientes pudieron redondear su compra en los supermercados y hacer una donaci\u00f3n a la investigaci\u00f3n en tuberculosis que se lleva a cabo en el Instituto de Investigaci\u00f3n Germans Trias i Pujol (IGTP) y el Hospital Germans Trias. <strong>Se consiguieron 76.789 donaciones y se recaud\u00f3 un total de 17.539\u20ac<\/strong>.&nbsp;<\/p>\n\n\n\n<p>Los fondos se destinar\u00e1n al proyecto \u201cTuberculosis y cohesi\u00f3n social: borrar el estigma de la tuberculosis\u201d liderado por los investigadores Cristina Vilaplana y Jose Dom\u00ednguez del IGTP. El proyecto busca fomentar la cohesi\u00f3n social mediante la sensibilizaci\u00f3n sobre la tuberculosis, a trav\u00e9s de campa\u00f1as informativas, programas educativos, actividades culturales y estudios de investigaci\u00f3n que ayuden a identificar y caracterizar los determinantes sociales, culturales y econ\u00f3micos que condicionan el estigma y la exclusi\u00f3n social. Cabe recordar que la tuberculosis todav\u00eda afecta a m\u00e1s de 10 millones de personas en el mundo al a\u00f1o, de las cuales 1 mill\u00f3n mueren a causa de esta enfermedad. En Catalu\u00f1a hay 800 casos de tuberculosis al a\u00f1o, concentrados mayoritariamente en las grandes metr\u00f3polis y afectando sobre todo a la poblaci\u00f3n m\u00e1s desfavorecida.&nbsp;<\/p>\n\n\n\n<p>Muchas gracias a todas las personas que participaron de la campa\u00f1a y sumaron su grano de arena en la lucha contra la tuberculosis.&nbsp;<\/p>\n","protected":false},"excerpt":{"rendered":"<p>La tuberculosis es una enfermedad que actualmente afecta a m\u00e1s de 10 millones de personas en el mundo y en Catalu\u00f1a se registran 800 casos al a\u00f1o.<\/p>\n","protected":false},"author":2,"featured_media":4375,"comment_status":"closed","ping_status":"closed","sticky":false,"template":"","format":"standard","meta":{"_acf_changed":false,"footnotes":""},"categories":[1],"tags":[],"class_list":["post-4377","post","type-post","status-publish","format-standard","has-post-thumbnail","hentry","category-general"],"acf":[],"_links":{"self":[{"href":"https:\/\/www.amicsdecanruti.org\/es\/wp-json\/wp\/v2\/posts\/4377","targetHints":{"allow":["GET"]}}],"collection":[{"href":"https:\/\/www.amicsdecanruti.org\/es\/wp-json\/wp\/v2\/posts"}],"about":[{"href":"https:\/\/www.amicsdecanruti.org\/es\/wp-json\/wp\/v2\/types\/post"}],"author":[{"embeddable":true,"href":"https:\/\/www.amicsdecanruti.org\/es\/wp-json\/wp\/v2\/users\/2"}],"replies":[{"embeddable":true,"href":"https:\/\/www.amicsdecanruti.org\/es\/wp-json\/wp\/v2\/comments?post=4377"}],"version-history":[{"count":1,"href":"https:\/\/www.amicsdecanruti.org\/es\/wp-json\/wp\/v2\/posts\/4377\/revisions"}],"predecessor-version":[{"id":4379,"href":"https:\/\/www.amicsdecanruti.org\/es\/wp-json\/wp\/v2\/posts\/4377\/revisions\/4379"}],"wp:featuredmedia":[{"embeddable":true,"href":"https:\/\/www.amicsdecanruti.org\/es\/wp-json\/wp\/v2\/media\/4375"}],"wp:attachment":[{"href":"https:\/\/www.amicsdecanruti.org\/es\/wp-json\/wp\/v2\/media?parent=4377"}],"wp:term":[{"taxonomy":"category","embeddable":true,"href":"https:\/\/www.amicsdecanruti.org\/es\/wp-json\/wp\/v2\/categories?post=4377"},{"taxonomy":"post_tag","embeddable":true,"href":"https:\/\/www.amicsdecanruti.org\/es\/wp-json\/wp\/v2\/tags?post=4377"}],"curies":[{"name":"wp","href":"https:\/\/api.w.org\/{rel}","templated":true}]}}