{"id":6209,"date":"2025-12-03T12:01:00","date_gmt":"2025-12-03T11:01:00","guid":{"rendered":"https:\/\/www.amicsdecanruti.org\/aquest-nadal-fem-realitat-el-jardi-dels-sentits\/"},"modified":"2025-12-04T12:34:25","modified_gmt":"2025-12-04T11:34:25","slug":"esta-navidad-hacemos-realidad-el-jardin-de-los-sentidos","status":"publish","type":"post","link":"https:\/\/www.amicsdecanruti.org\/es\/esta-navidad-hacemos-realidad-el-jardin-de-los-sentidos\/","title":{"rendered":"Esta Navidad hacemos realidad el Jard\u00edn de los Sentidos"},"content":{"rendered":"\n<p><strong>Amics de Can Ruti pone en marcha una campa\u00f1a solidaria con un objetivo muy especial: construir el Jard\u00edn de los Sentidos, un espacio terap\u00e9utico al aire libre que transformar\u00e1 uno de los patios interiores del Hospital Germans Trias. <\/strong>Este proyecto de humanizaci\u00f3n hospitalaria busca ofrecer un entorno natural, abierto y agradable que ayude a reducir el estr\u00e9s y mejore el bienestar emocional de todas las personas que pasan por el hospital cada d\u00eda.<\/p>\n\n\n\n<div class=\"wp-block-image\"><figure class=\"aligncenter size-large is-resized\"><img loading=\"lazy\" decoding=\"async\" src=\"https:\/\/www.amicsdecanruti.org\/wordpress\/wp-content\/uploads\/Eljardirender_16-9.jpg\" alt=\"\" class=\"wp-image-6203\" width=\"493\" height=\"280\" srcset=\"https:\/\/www.amicsdecanruti.org\/wordpress\/wp-content\/uploads\/Eljardirender_16-9.jpg 845w, https:\/\/www.amicsdecanruti.org\/wordpress\/wp-content\/uploads\/Eljardirender_16-9-300x170.jpg 300w, https:\/\/www.amicsdecanruti.org\/wordpress\/wp-content\/uploads\/Eljardirender_16-9-768x436.jpg 768w\" sizes=\"auto, (max-width: 493px) 100vw, 493px\" \/><\/figure><\/div>\n\n\n\n<p>El Jard\u00edn de los Sentidos contar\u00e1 con diferentes zonas pensadas para toda la comunidad hospitalaria: un \u00e1rea verde con \u00e1rboles y plantas para relajarse, espacios con bancos y sombra para descansar, rincones tranquilos para conversar o leer, y una zona infantil para que los m\u00e1s peque\u00f1os puedan vivir las visitas m\u00e9dicas de una forma m\u00e1s amable y divertida. <\/p>\n\n\n\n<p>Este nuevo jard\u00edn ser\u00e1 un <strong>refugio de calma y bienestar para pacientes, familiares y profesionales<\/strong>, ofreciendo un espacio donde desconectar, respirar aire fresco y recuperar energ\u00eda en medio de la actividad hospitalaria diaria.<\/p>\n\n\n\n<p>Cada donaci\u00f3n, por peque\u00f1a que sea, contribuye a hacer realidad este espacio tan especial y transformar la experiencia hospitalaria de cientos de personas. <strong>Puedes colaborar <a href=\"https:\/\/eljardidelssentits.amicsdecanruti.org\/?utm_source=web&amp;utm_medium=news&amp;utm_campaign=jardisentits&amp;lang=es\" target=\"_blank\" rel=\"noreferrer noopener\">aqu\u00ed <\/a>y ayudarnos a hacer realidad el Jard\u00edn de los Sentidos.<\/strong><\/p>\n\n\n\n<p><\/p>\n\n\n\n<div class=\"wp-block-image\"><figure class=\"aligncenter size-large\"><a href=\"https:\/\/eljardidelssentits.amicsdecanruti.org\/?utm_source=web&amp;utm_medium=news&amp;utm_campaign=jardisentits&amp;lang=es\" target=\"_blank\" rel=\"noopener\"><img loading=\"lazy\" decoding=\"async\" width=\"1000\" height=\"300\" src=\"https:\/\/www.amicsdecanruti.org\/wordpress\/wp-content\/uploads\/Jardi_banner_ES.jpg\" alt=\"\" class=\"wp-image-6211\" srcset=\"https:\/\/www.amicsdecanruti.org\/wordpress\/wp-content\/uploads\/Jardi_banner_ES.jpg 1000w, https:\/\/www.amicsdecanruti.org\/wordpress\/wp-content\/uploads\/Jardi_banner_ES-300x90.jpg 300w, https:\/\/www.amicsdecanruti.org\/wordpress\/wp-content\/uploads\/Jardi_banner_ES-768x230.jpg 768w\" sizes=\"auto, (max-width: 1000px) 100vw, 1000px\" \/><\/a><\/figure><\/div>\n","protected":false},"excerpt":{"rendered":"<p>Amics de Can Ruti y el Hospital Germans Trias lanzan una campa\u00f1a solidaria para crear el Jard\u00edn de los Sentidos, un nuevo espacio terap\u00e9utico al aire libre que transformar\u00e1 la experiencia hospitalaria.<\/p>\n","protected":false},"author":2,"featured_media":6202,"comment_status":"closed","ping_status":"closed","sticky":false,"template":"","format":"standard","meta":{"_acf_changed":false,"footnotes":""},"categories":[1],"tags":[],"class_list":["post-6209","post","type-post","status-publish","format-standard","has-post-thumbnail","hentry","category-general"],"acf":[],"_links":{"self":[{"href":"https:\/\/www.amicsdecanruti.org\/es\/wp-json\/wp\/v2\/posts\/6209","targetHints":{"allow":["GET"]}}],"collection":[{"href":"https:\/\/www.amicsdecanruti.org\/es\/wp-json\/wp\/v2\/posts"}],"about":[{"href":"https:\/\/www.amicsdecanruti.org\/es\/wp-json\/wp\/v2\/types\/post"}],"author":[{"embeddable":true,"href":"https:\/\/www.amicsdecanruti.org\/es\/wp-json\/wp\/v2\/users\/2"}],"replies":[{"embeddable":true,"href":"https:\/\/www.amicsdecanruti.org\/es\/wp-json\/wp\/v2\/comments?post=6209"}],"version-history":[{"count":1,"href":"https:\/\/www.amicsdecanruti.org\/es\/wp-json\/wp\/v2\/posts\/6209\/revisions"}],"predecessor-version":[{"id":6213,"href":"https:\/\/www.amicsdecanruti.org\/es\/wp-json\/wp\/v2\/posts\/6209\/revisions\/6213"}],"wp:featuredmedia":[{"embeddable":true,"href":"https:\/\/www.amicsdecanruti.org\/es\/wp-json\/wp\/v2\/media\/6202"}],"wp:attachment":[{"href":"https:\/\/www.amicsdecanruti.org\/es\/wp-json\/wp\/v2\/media?parent=6209"}],"wp:term":[{"taxonomy":"category","embeddable":true,"href":"https:\/\/www.amicsdecanruti.org\/es\/wp-json\/wp\/v2\/categories?post=6209"},{"taxonomy":"post_tag","embeddable":true,"href":"https:\/\/www.amicsdecanruti.org\/es\/wp-json\/wp\/v2\/tags?post=6209"}],"curies":[{"name":"wp","href":"https:\/\/api.w.org\/{rel}","templated":true}]}}